{"id":8938,"date":"2019-11-22T22:31:41","date_gmt":"2019-11-22T22:31:41","guid":{"rendered":"https:\/\/www.puntamita.com\/?p=8938\/"},"modified":"2019-11-22T22:41:57","modified_gmt":"2019-11-22T22:41:57","slug":"fundacion-punta-de-mita-5-social-projects","status":"publish","type":"post","link":"https:\/\/www.puntamita.com\/es\/fundacion-punta-de-mita-5-social-projects\/","title":{"rendered":"Fundacion Punta de Mita | 5 Social Projects"},"content":{"rendered":"<p>[vc_row][vc_column][vc_column_text]<\/p>\n<p style=\"text-align: right; font-size: 14px; font-weight: bold; padding: 30px 20px 0px 0px;\"><strong><a href=\"https:\/\/www.puntamita.com\/fundacion-punta-de-mita-5-social-projects\/\">English Version<\/a><\/strong><\/p>\n<p>[\/vc_column_text][\/vc_column][\/vc_row][vc_row][vc_column][vc_column_text]<span style=\"font-size: 22px; font-weight: bold; color: #383838;\">Entrega Fundaci\u00f3n Punta de Mita A.C. $214,000 pesos para realizar 5 proyectos sociales en la regi\u00f3n.<\/span><\/p>\n<p>El pasado mi\u00e9rcoles 6 de Noviembre, Fundaci\u00f3n Punta de Mita hizo la entrega simb\u00f3lica de la subvenci\u00f3n \u201cFortalecimiento a Organizaciones de Base 2019\u201d (FOROB) a 4 Asociaciones Civiles y 1 grupo comunitario para la realizaci\u00f3n de 5 proyectos en la regi\u00f3n de Puerto Vallarta y Bah\u00eda de Banderas. Los proyectos seleccionados recibir\u00e1n no s\u00f3lo el apoyo financiero de parte de Fundaci\u00f3n Punta de Mita, si no que llevan un proceso de acompa\u00f1amiento y asesor\u00eda desde el dise\u00f1o del proyecto y que seguir\u00e1 durante los pr\u00f3ximos seis meses durante su desarrollo.<\/p>\n<p>Siendo este el 5\u00ba a\u00f1o que Fundaci\u00f3n Punta de Mita ofrece esta subvenci\u00f3n, esta se ha aliado con el Global Fund for Community Foundations, en Sud\u00e1frica, para bajar los fondos necesarios y el acompa\u00f1amiento en los procesos. El enfoque en esta edici\u00f3n de FOROB ser\u00e1 en que los proyectos incluyan a sus comunidades dentro de la toma de decisiones, implementaci\u00f3n y evaluaci\u00f3n de los mismos. Adem\u00e1s, se buscar\u00e1 impulsar la capacidad de las organizaciones receptoras en la creaci\u00f3n de alianzas con el sector empresarial.<\/p>\n<p>&nbsp;<\/p>\n<p><span style=\"font-size: 20px; font-weight: bold; color: #383838;\">Los grupos y proyectos seleccionados a trav\u00e9s de comit\u00e9 para la recepci\u00f3n de FOROB 2019 son:<\/span><br \/>\n\u2022 <span style=\"font-size: 18px; font-weight: bold; color: #383838;\">Fundaci\u00f3n Asistencial para personas con S\u00edndrome de Down AC<\/span> &#8211; \u201cTerapia de integraci\u00f3n sensorial y psicomotricidad\u201d \u2013 Desarrollo de material y un manual de terapias para ni\u00f1os con S\u00edndrome de Down, as\u00ed como capacitaci\u00f3n a terapeutas y padres de familia para que las puedan llevar a cabo en sus casas, fortaleciendo el nivel de avance que tengan sus hijos.<\/p>\n<p>\u2022 <span style=\"font-size: 18px; font-weight: bold; color: #383838;\">Desayunos para los Ni\u00f1os de Vallarta AC<\/span> &#8211; \u201cLo Vamos a Lograr: Talleres Creativos para J\u00f3venes\u201d\u2014 Acompa\u00f1amiento y fortalecimiento de un grupo de l\u00edderes j\u00f3venes para desarrollar talleres atractivos a j\u00f3venes de secundaria y preparatoria que toquen temas de importancia e inter\u00e9s para ellos, incluyendo bullying, drogas, deserci\u00f3n escolar, etc.<\/p>\n<p>\u2022 <span style=\"font-size: 18px; font-weight: bold; color: #383838;\">Fundaci\u00f3n Ahora Es Tiempo de Dar AC<\/span> &#8211; \u201cTalleres de Lecto-Escritura\u201d\u2014 Se llevar\u00e1n 40 horas de talleres de lecto-escritura a trav\u00e9s de juegos y arte a dos comunidades rurales del municipio de Puerto Vallarta, para apoyar al avance y regularizaci\u00f3n de los ni\u00f1os en su educaci\u00f3n primaria.<\/p>\n<p>\u2022 <span style=\"font-size: 18px; font-weight: bold; color: #383838;\">Centro Cultural Vallartense<\/span> &#8211; \u201cNuestra Isla Verde\u201d\u2014 Busca rescatar y revitalizar los espacios de la Isla del R\u00edo Cuale a trav\u00e9s de la mejora de sistemas de iluminaci\u00f3n, talleres de arte y ecolog\u00eda, y espacios verdes bien cuidados.<\/p>\n<p>\u2022 <span style=\"font-size: 18px; font-weight: bold; color: #383838;\">\u00c1ngeles en Libertad PV AC<\/span> &#8211; \u201cTransport\u00e1pate, plan estrat\u00e9gico y m\u00e9todos participativos\u201d\u2014Dar mantenimiento muy necesario a \u201cla Querubina\u201d, la camioneta utilizada para recoger y transportar las tapitas en toda la bah\u00eda. Adem\u00e1s, trabajar con su comunidad de actores para analizar su proyecto y planear c\u00f3mo crecerlo para fortalecer el importante trabajo que realizan apoyando con medicamentos y tratamientos a familias de la regi\u00f3n de bajos recursos.[\/vc_column_text][\/vc_column][\/vc_row][vc_row][vc_column width=\u00bb1\/3&#8243;][vc_single_image image=\u00bb8932&#8243; css=\u00bb.vc_custom_1574460302700{margin-right: 1px !important;}\u00bb][\/vc_column][vc_column width=\u00bb1\/3&#8243;][vc_single_image image=\u00bb8935&#8243; css=\u00bb.vc_custom_1574460291836{margin-right: 1px !important;}\u00bb][\/vc_column][vc_column width=\u00bb1\/3&#8243;][vc_single_image image=\u00bb8933&#8243;][\/vc_column][\/vc_row][vc_row][vc_column][vc_column_text]Para m\u00e1s informaci\u00f3n sobre esta subvenci\u00f3n y otros programas de Fundaci\u00f3n Punta de Mita, visita\u00a0<a href=\"http:\/\/www.fundacionpuntademita.org\/\">www.fundacionpuntademita.org\/<\/a>, <a href=\"https:\/\/www.facebook.com\/FundacionPuntaMita\">Facebook.com\/FundacionPuntaMita<\/a> o llama al 329 291 5053[\/vc_column_text][\/vc_column][\/vc_row]<\/p>\n","protected":false},"excerpt":{"rendered":"<p>[vc_row][vc_column][vc_column_text] English Version [\/vc_column_text][\/vc_column][\/vc_row][vc_row][vc_column][vc_column_text]Entrega Fundaci\u00f3n Punta de Mita A.C. $214,000 pesos para realizar 5 proyectos sociales en la regi\u00f3n. El pasado mi\u00e9rcoles 6 de Noviembre, Fundaci\u00f3n Punta de Mita hizo la entrega simb\u00f3lica de la subvenci\u00f3n \u201cFortalecimiento a Organizaciones de Base 2019\u201d (FOROB) a 4 Asociaciones Civiles y 1 grupo comunitario para la realizaci\u00f3n de [&hellip;]<\/p>\n","protected":false},"author":7,"featured_media":8931,"comment_status":"closed","ping_status":"closed","sticky":false,"template":"","format":"standard","meta":[],"categories":[1485],"tags":[],"yoast_head":"<!-- This site is optimized with the Yoast SEO plugin v18.9 - https:\/\/yoast.com\/wordpress\/plugins\/seo\/ -->\n<title>Fundacion Punta de Mita | 5 Social Projects &middot; Punta Mita - Luxury Resorts and Real Estate Official Website<\/title>\n<meta name=\"robots\" content=\"index, follow, max-snippet:-1, max-image-preview:large, max-video-preview:-1\" \/>\n<link rel=\"canonical\" href=\"https:\/\/www.puntamita.com\/es\/fundacion-punta-de-mita-5-social-projects\/\" \/>\n<meta name=\"twitter:label1\" content=\"Escrito por\" \/>\n\t<meta name=\"twitter:data1\" content=\"Rodolfo Hernandez\" \/>\n\t<meta name=\"twitter:label2\" content=\"Tiempo de lectura\" \/>\n\t<meta name=\"twitter:data2\" content=\"3 minutos\" \/>\n<script type=\"application\/ld+json\" class=\"yoast-schema-graph\">{\"@context\":\"https:\/\/schema.org\",\"@graph\":[{\"@type\":\"WebSite\",\"@id\":\"https:\/\/www.puntamita.com\/#website\",\"url\":\"https:\/\/www.puntamita.com\/\",\"name\":\"Punta Mita - Luxury Resorts and Real Estate Official Website\",\"description\":\"Punta Mita - Luxury Resorts and Real Estate\",\"potentialAction\":[{\"@type\":\"SearchAction\",\"target\":{\"@type\":\"EntryPoint\",\"urlTemplate\":\"https:\/\/www.puntamita.com\/?s={search_term_string}\"},\"query-input\":\"required name=search_term_string\"}],\"inLanguage\":\"es\"},{\"@type\":\"ImageObject\",\"inLanguage\":\"es\",\"@id\":\"https:\/\/www.puntamita.com\/es\/fundacion-punta-de-mita-5-social-projects\/#primaryimage\",\"url\":\"https:\/\/www.puntamita.com\/wp-content\/uploads\/2019\/11\/fundacion-punta-mita.jpg\",\"contentUrl\":\"https:\/\/www.puntamita.com\/wp-content\/uploads\/2019\/11\/fundacion-punta-mita.jpg\",\"width\":715,\"height\":425},{\"@type\":\"WebPage\",\"@id\":\"https:\/\/www.puntamita.com\/es\/fundacion-punta-de-mita-5-social-projects\/#webpage\",\"url\":\"https:\/\/www.puntamita.com\/es\/fundacion-punta-de-mita-5-social-projects\/\",\"name\":\"Fundacion Punta de Mita | 5 Social Projects &middot; Punta Mita - Luxury Resorts and Real Estate Official Website\",\"isPartOf\":{\"@id\":\"https:\/\/www.puntamita.com\/#website\"},\"primaryImageOfPage\":{\"@id\":\"https:\/\/www.puntamita.com\/es\/fundacion-punta-de-mita-5-social-projects\/#primaryimage\"},\"datePublished\":\"2019-11-22T22:31:41+00:00\",\"dateModified\":\"2019-11-22T22:41:57+00:00\",\"author\":{\"@id\":\"https:\/\/www.puntamita.com\/#\/schema\/person\/aa2c72669e9d316118ecc65932d5230a\"},\"breadcrumb\":{\"@id\":\"https:\/\/www.puntamita.com\/es\/fundacion-punta-de-mita-5-social-projects\/#breadcrumb\"},\"inLanguage\":\"es\",\"potentialAction\":[{\"@type\":\"ReadAction\",\"target\":[\"https:\/\/www.puntamita.com\/es\/fundacion-punta-de-mita-5-social-projects\/\"]}]},{\"@type\":\"BreadcrumbList\",\"@id\":\"https:\/\/www.puntamita.com\/es\/fundacion-punta-de-mita-5-social-projects\/#breadcrumb\",\"itemListElement\":[{\"@type\":\"ListItem\",\"position\":1,\"name\":\"Home\",\"item\":\"https:\/\/www.puntamita.com\/es\/\"},{\"@type\":\"ListItem\",\"position\":2,\"name\":\"Fundacion Punta de Mita | 5 Social Projects\"}]},{\"@type\":\"Person\",\"@id\":\"https:\/\/www.puntamita.com\/#\/schema\/person\/aa2c72669e9d316118ecc65932d5230a\",\"name\":\"Rodolfo Hernandez\",\"url\":\"https:\/\/www.puntamita.com\/es\/author\/ro\/\"}]}<\/script>\n<!-- \/ Yoast SEO plugin. -->","yoast_head_json":{"title":"Fundacion Punta de Mita | 5 Social Projects &middot; Punta Mita - Luxury Resorts and Real Estate Official Website","robots":{"index":"index","follow":"follow","max-snippet":"max-snippet:-1","max-image-preview":"max-image-preview:large","max-video-preview":"max-video-preview:-1"},"canonical":"https:\/\/www.puntamita.com\/es\/fundacion-punta-de-mita-5-social-projects\/","twitter_misc":{"Escrito por":"Rodolfo Hernandez","Tiempo de lectura":"3 minutos"},"schema":{"@context":"https:\/\/schema.org","@graph":[{"@type":"WebSite","@id":"https:\/\/www.puntamita.com\/#website","url":"https:\/\/www.puntamita.com\/","name":"Punta Mita - Luxury Resorts and Real Estate Official Website","description":"Punta Mita - Luxury Resorts and Real Estate","potentialAction":[{"@type":"SearchAction","target":{"@type":"EntryPoint","urlTemplate":"https:\/\/www.puntamita.com\/?s={search_term_string}"},"query-input":"required name=search_term_string"}],"inLanguage":"es"},{"@type":"ImageObject","inLanguage":"es","@id":"https:\/\/www.puntamita.com\/es\/fundacion-punta-de-mita-5-social-projects\/#primaryimage","url":"https:\/\/www.puntamita.com\/wp-content\/uploads\/2019\/11\/fundacion-punta-mita.jpg","contentUrl":"https:\/\/www.puntamita.com\/wp-content\/uploads\/2019\/11\/fundacion-punta-mita.jpg","width":715,"height":425},{"@type":"WebPage","@id":"https:\/\/www.puntamita.com\/es\/fundacion-punta-de-mita-5-social-projects\/#webpage","url":"https:\/\/www.puntamita.com\/es\/fundacion-punta-de-mita-5-social-projects\/","name":"Fundacion Punta de Mita | 5 Social Projects &middot; Punta Mita - Luxury Resorts and Real Estate Official Website","isPartOf":{"@id":"https:\/\/www.puntamita.com\/#website"},"primaryImageOfPage":{"@id":"https:\/\/www.puntamita.com\/es\/fundacion-punta-de-mita-5-social-projects\/#primaryimage"},"datePublished":"2019-11-22T22:31:41+00:00","dateModified":"2019-11-22T22:41:57+00:00","author":{"@id":"https:\/\/www.puntamita.com\/#\/schema\/person\/aa2c72669e9d316118ecc65932d5230a"},"breadcrumb":{"@id":"https:\/\/www.puntamita.com\/es\/fundacion-punta-de-mita-5-social-projects\/#breadcrumb"},"inLanguage":"es","potentialAction":[{"@type":"ReadAction","target":["https:\/\/www.puntamita.com\/es\/fundacion-punta-de-mita-5-social-projects\/"]}]},{"@type":"BreadcrumbList","@id":"https:\/\/www.puntamita.com\/es\/fundacion-punta-de-mita-5-social-projects\/#breadcrumb","itemListElement":[{"@type":"ListItem","position":1,"name":"Home","item":"https:\/\/www.puntamita.com\/es\/"},{"@type":"ListItem","position":2,"name":"Fundacion Punta de Mita | 5 Social Projects"}]},{"@type":"Person","@id":"https:\/\/www.puntamita.com\/#\/schema\/person\/aa2c72669e9d316118ecc65932d5230a","name":"Rodolfo Hernandez","url":"https:\/\/www.puntamita.com\/es\/author\/ro\/"}]}},"_links":{"self":[{"href":"https:\/\/www.puntamita.com\/es\/wp-json\/wp\/v2\/posts\/8938"}],"collection":[{"href":"https:\/\/www.puntamita.com\/es\/wp-json\/wp\/v2\/posts"}],"about":[{"href":"https:\/\/www.puntamita.com\/es\/wp-json\/wp\/v2\/types\/post"}],"author":[{"embeddable":true,"href":"https:\/\/www.puntamita.com\/es\/wp-json\/wp\/v2\/users\/7"}],"replies":[{"embeddable":true,"href":"https:\/\/www.puntamita.com\/es\/wp-json\/wp\/v2\/comments?post=8938"}],"version-history":[{"count":4,"href":"https:\/\/www.puntamita.com\/es\/wp-json\/wp\/v2\/posts\/8938\/revisions"}],"predecessor-version":[{"id":8944,"href":"https:\/\/www.puntamita.com\/es\/wp-json\/wp\/v2\/posts\/8938\/revisions\/8944"}],"wp:featuredmedia":[{"embeddable":true,"href":"https:\/\/www.puntamita.com\/es\/wp-json\/wp\/v2\/media\/8931"}],"wp:attachment":[{"href":"https:\/\/www.puntamita.com\/es\/wp-json\/wp\/v2\/media?parent=8938"}],"wp:term":[{"taxonomy":"category","embeddable":true,"href":"https:\/\/www.puntamita.com\/es\/wp-json\/wp\/v2\/categories?post=8938"},{"taxonomy":"post_tag","embeddable":true,"href":"https:\/\/www.puntamita.com\/es\/wp-json\/wp\/v2\/tags?post=8938"}],"curies":[{"name":"wp","href":"https:\/\/api.w.org\/{rel}","templated":true}]}}